{"id":34,"date":"2025-04-17T14:55:56","date_gmt":"2025-04-17T11:55:56","guid":{"rendered":"https:\/\/cethandoviz.com\/blog\/?p=34"},"modified":"2025-04-17T15:01:14","modified_gmt":"2025-04-17T12:01:14","slug":"altin-fiyatlari-nasil-belirlenir-yatirimcilar-icin-rehber","status":"publish","type":"post","link":"https:\/\/cethandoviz.com\/blog\/index.php\/2025\/04\/17\/altin-fiyatlari-nasil-belirlenir-yatirimcilar-icin-rehber\/","title":{"rendered":"Alt\u0131n Fiyatlar\u0131 Nas\u0131l Belirlenir? Yat\u0131r\u0131mc\u0131lar \u0130\u00e7in Rehber"},"content":{"rendered":"\n<p>Alt\u0131n, binlerce y\u0131ld\u0131r insanl\u0131k tarihinin en g\u00fcvenilir de\u011fer saklama ara\u00e7lar\u0131ndan biri olmu\u015ftur. G\u00fcn\u00fcm\u00fczde de <strong>alt\u0131n yat\u0131r\u0131m\u0131<\/strong>, ekonomik dalgalanmalardan etkilenmek istemeyen yat\u0131r\u0131mc\u0131lar i\u00e7in pop\u00fclerli\u011fini korumakta. Siz de alt\u0131na yat\u0131r\u0131m yapmak istiyorsan\u0131z fakat akl\u0131n\u0131zda \u201c<strong>Gram alt\u0131n fiyatlar\u0131<\/strong> neden artar ya da d\u00fc\u015fer?,\u201d \u201cHangi fakt\u00f6rler alt\u0131n fiyatlar\u0131n\u0131 etkiler?\u201d gibi sorular varsa bu i\u00e7erikte <strong>alt\u0131n fiyatlar\u0131<\/strong>n\u0131n nas\u0131l belirlendi\u011fine dair t\u00fcm \u00f6nemli unsurlar\u0131 ele alaca\u011f\u0131z. Yat\u0131r\u0131mc\u0131lara rehber olacak temel bilgileri payla\u015faca\u011f\u0131m\u0131z i\u00e7eri\u011fimizin detaylar\u0131na gelin hep birlikte bakal\u0131m.<\/p>\n\n\n\n<h2 class=\"wp-block-heading\">Alt\u0131n Fiyatlar\u0131n\u0131 Etkileyen Ba\u015fl\u0131ca Fakt\u00f6rler<\/h2>\n\n\n\n<h3 class=\"wp-block-heading\">1. K\u00fcresel Alt\u0131n Talebi ve Arz\u0131<\/h3>\n\n\n\n<p>Alt\u0131n, s\u0131n\u0131rl\u0131 miktarda bulunan ve \u00fcretimi zahmetli olan bir k\u0131ymetli madendir. Bu nedenle arz\u0131 sabittir; talepteki art\u0131\u015f ise do\u011frudan fiyatlar\u0131 yukar\u0131 ta\u015f\u0131r. \u00d6zellikle Hindistan ve \u00c7in gibi \u00fclkelerdeki d\u00fc\u011f\u00fcn sezonlar\u0131, merkez bankalar\u0131n\u0131n rezerv al\u0131mlar\u0131 ve teknoloji sekt\u00f6r\u00fcndeki kullan\u0131mlar gibi fakt\u00f6rler, alt\u0131n talebini etkileyerek gram alt\u0131n fiyatlar\u0131 \u00fczerinde belirleyici olabilir.<\/p>\n\n\n\n<h3 class=\"wp-block-heading\">2. D\u00f6viz Kurlar\u0131 ve Dolar\u0131n Etkisi<\/h3>\n\n\n\n<p>T\u00fcrkiye\u2019de <strong>alt\u0131n fiyatlar\u0131<\/strong>, hem uluslararas\u0131 ons alt\u0131n fiyat\u0131na hem de <strong>d\u00f6viz kurlar\u0131<\/strong>na ba\u011fl\u0131 olarak belirlenir. \u00d6zellikle <strong>dolar kuru<\/strong>, gram alt\u0131n\u0131n TL kar\u015f\u0131s\u0131ndaki fiyat\u0131n\u0131 do\u011frudan etkiler. Dolar\/TL paritesinde ya\u015fanan y\u00fckseli\u015fler, ons fiyat\u0131 sabit kalsa bile gram alt\u0131n fiyatlar\u0131nda art\u0131\u015fa neden olabilir.<\/p>\n\n\n\n<figure class=\"wp-block-image\"><img decoding=\"async\" src=\"https:\/\/lh7-rt.googleusercontent.com\/docsz\/AD_4nXeaYIVsvDA88XP3eHgvVMxnyBU59aSk00CQ4-hbaOggJ6MLvsH3OzIdjV1vYKkVRx5l2fvq3k5jz_Xa-KgQ_tDle6ZXNJTE80ObMjDrkLchqZc68_U2dwJvg-uW2uVc9_bpdWsOhg?key=LiX_lBDe8QkEuSatNHe323zJ\" alt=\"\"\/><\/figure>\n\n\n\n<h3 class=\"wp-block-heading\">3. Faiz Oranlar\u0131<\/h3>\n\n\n\n<p>Faiz oranlar\u0131, yat\u0131r\u0131mc\u0131lar\u0131n alternatif getiri aray\u0131\u015flar\u0131n\u0131 etkiler. \u00d6zellikle ABD Merkez Bankas\u0131 (FED) taraf\u0131ndan a\u00e7\u0131klanan faiz kararlar\u0131, yat\u0131r\u0131mc\u0131lar\u0131n alt\u0131na m\u0131 yoksa faizli enstr\u00fcmanlara m\u0131 y\u00f6nelece\u011fini belirler. Faizler d\u00fc\u015f\u00fck kald\u0131\u011f\u0131nda, alt\u0131n daha cazip hale gelir; \u00e7\u00fcnk\u00fc alt\u0131n faiz getirisi olmayan bir yat\u0131r\u0131m arac\u0131d\u0131r.<\/p>\n\n\n\n<h3 class=\"wp-block-heading\">4. Jeopolitik ve Ekonomik Geli\u015fmeler<\/h3>\n\n\n\n<p>K\u00fcresel krizler, sava\u015flar, enflasyonist d\u00f6nemler veya ekonomik belirsizlikler gibi durumlar, yat\u0131r\u0131mc\u0131lar\u0131 genellikle g\u00fcvenli liman olarak adland\u0131r\u0131lan alt\u0131na y\u00f6nlendirir. Son d\u00f6nemde ya\u015fanan pandemi, enerji krizi, k\u00fcresel resesyon endi\u015feleri gibi geli\u015fmeler, <strong>alt\u0131n yat\u0131r\u0131m\u0131<\/strong>n\u0131 yeniden \u00f6n plana \u00e7\u0131karm\u0131\u015ft\u0131r.<\/p>\n\n\n\n<h2 class=\"wp-block-heading\">T\u00fcrkiye\u2019de Alt\u0131n Yat\u0131r\u0131m\u0131n\u0131n Dinamikleri<\/h2>\n\n\n\n<figure class=\"wp-block-image\"><img decoding=\"async\" src=\"https:\/\/lh7-rt.googleusercontent.com\/docsz\/AD_4nXfYwAca4CR-fqa3-lR3wfMskK8uEutEgtZ8o2RoU9mn8pIlpALrQHMVmkMLVViB1xDKegF9ce0oJMlzzDg4G1_4BVn84TGHelBVBxNkPCDn3OCvTQ66W6G0YGZiSgsITmhPBDjvxA?key=LiX_lBDe8QkEuSatNHe323zJ\" alt=\"\"\/><\/figure>\n\n\n\n<p>\u00dclkemizde alt\u0131n hem yat\u0131r\u0131m arac\u0131 hem de k\u00fclt\u00fcrel bir tasarruf bi\u00e7imi olarak \u00f6nemli bir yere sahiptir. Ancak T\u00fcrkiye\u2019deki yat\u0131r\u0131mc\u0131lar i\u00e7in alt\u0131n fiyatlar\u0131n\u0131n belirlenmesinde baz\u0131 ek unsurlar daha devreye girer:<\/p>\n\n\n\n<ul class=\"wp-block-list\">\n<li><strong>G\u00fcncel d\u00f6viz kuru<\/strong>: Dolar\u0131n TL kar\u015f\u0131s\u0131ndaki de\u011feri, gram alt\u0131n\u0131n i\u00e7 piyasadaki fiyat\u0131n\u0131 do\u011frudan etkiler.<br><\/li>\n\n\n\n<li><strong>Vergisel d\u00fczenlemeler ve ithalat politikalar\u0131<\/strong>: Zaman zaman alt\u0131n ithalat\u0131na y\u00f6nelik getirilen k\u0131s\u0131tlamalar, piyasada daralmaya neden olabilir.<br><\/li>\n\n\n\n<li><strong>Fiziki ve dijital yat\u0131r\u0131m ara\u00e7lar\u0131<\/strong>: Kuyumcudan al\u0131nan fiziki alt\u0131n ile bankalardaki alt\u0131n hesaplar\u0131 aras\u0131nda fiyat fark\u0131 olabilir.<br><\/li>\n<\/ul>\n\n\n\n<h2 class=\"wp-block-heading\">Gram Alt\u0131n Fiyatlar\u0131 Nas\u0131l Hesaplan\u0131r?<\/h2>\n\n\n\n<p>Gram alt\u0131n fiyat\u0131, \u015fu form\u00fcle g\u00f6re hesaplan\u0131r:<\/p>\n\n\n\n<p><strong>Gram Alt\u0131n Fiyat\u0131 = (Ons Alt\u0131n Fiyat\u0131 x Dolar Kuru) \/ 31.10<\/strong><\/p>\n\n\n\n<p>Burada 31.10, 1 ons\u2019un gram cinsinden kar\u015f\u0131l\u0131\u011f\u0131d\u0131r. Bu form\u00fclden anla\u015f\u0131labilece\u011fi \u00fczere <strong>d\u00f6viz kurlar\u0131ndaki<\/strong> hareketlilik do\u011frudan gram alt\u0131n fiyat\u0131na yans\u0131r. Bu nedenle alt\u0131n yat\u0131r\u0131m\u0131 yapmak istiyorsan\u0131z <strong>g\u00fcncel d\u00f6viz kuru<\/strong> bilgilerini mutlaka yak\u0131ndan takip etmelisiniz.&nbsp;<\/p>\n\n\n\n<h2 class=\"wp-block-heading\">Alt\u0131n m\u0131, D\u00f6viz mi? En \u0130yi Yat\u0131r\u0131m Hangisi?&nbsp;<\/h2>\n\n\n\n<p>Yat\u0131r\u0131mc\u0131lar aras\u0131nda s\u0131k\u00e7a tart\u0131\u015f\u0131lan konulardan biri de \u015fu sorudur: <strong>Yat\u0131r\u0131m i\u00e7in d\u00f6viz mi alt\u0131n m\u0131 daha avantajl\u0131?<\/strong> Bu sorunun yan\u0131t\u0131 yat\u0131r\u0131m hedefinize ve risk alg\u0131n\u0131za g\u00f6re de\u011fi\u015febilir. Alt\u0131n ve d\u00f6viz kar\u015f\u0131la\u015ft\u0131rmas\u0131 tablomuzu inceleyerek siz de kendi ihtiya\u00e7 ve beklentilerinize g\u00f6re karar\u0131n\u0131z\u0131 verebilirsiniz.&nbsp;<\/p>\n\n\n\n<figure class=\"wp-block-table\"><table class=\"has-fixed-layout\"><tbody><tr><td><strong>KR\u0130TER<\/strong><\/td><td><strong>Alt\u0131n<\/strong><\/td><td><strong>D\u00f6viz (USD\/EUR vb.)<\/strong><\/td><\/tr><tr><td><strong>De\u011fer Saklama<\/strong><\/td><td>Uzun vadede g\u00fcvenlidir.<\/td><td>Enflasyona kar\u015f\u0131 koruyucudur.<\/td><\/tr><tr><td><strong>Getiri<\/strong><\/td><td>Orta\/uzun vadede art\u0131\u015f potansiyeli var.<\/td><td>Kur dalgalanmas\u0131yla f\u0131rsatlar yaratabilir.<\/td><\/tr><tr><td><strong>Risk<\/strong><\/td><td>Jeopolitik risklerde y\u00fckselir.<\/td><td>\u00dclke risk primine duyarl\u0131d\u0131r.<\/td><\/tr><tr><td><strong>Likidite<\/strong><\/td><td>Y\u00fcksek<\/td><td>Y\u00fcksek<\/td><\/tr><\/tbody><\/table><\/figure>\n\n\n\n<p>K\u0131sa vadede <strong>d\u00f6viz al\u0131m sat\u0131m\u0131<\/strong> ile kazan\u00e7 sa\u011flamak m\u00fcmk\u00fcn olabilir. Fakat uzun vadeli d\u00fc\u015f\u00fcn\u00fcyorsan\u0131z <strong>alt\u0131n yat\u0131r\u0131m\u0131<\/strong> daha istikrarl\u0131 bir se\u00e7enek olarak \u00f6ne \u00e7\u0131kar.&nbsp;<\/p>\n\n\n\n<figure class=\"wp-block-image\"><img decoding=\"async\" src=\"https:\/\/lh7-rt.googleusercontent.com\/docsz\/AD_4nXfZI7nUfXsTZuUsrRAjscSlcfmQrMFFaGHagjRVYdiQV4DznrOr75EDgpLOO5cG6Sq46rs1KVyfrY1KNkmhgMBz-33oklwcX3l7yWIJH9QvyUnTzNR8_caxTmQulelo2c66XIFKnQ?key=LiX_lBDe8QkEuSatNHe323zJ\" alt=\"\"\/><\/figure>\n\n\n\n<h2 class=\"wp-block-heading\">2025\u2019te Alt\u0131n ve D\u00f6viz Piyasalar\u0131nda Beklentiler<\/h2>\n\n\n\n<p>K\u00fcresel belirsizlikler, merkez bankalar\u0131n\u0131n alt\u0131n al\u0131mlar\u0131 ve yat\u0131r\u0131mc\u0131lar\u0131n g\u00fcvenli liman aray\u0131\u015flar\u0131, alt\u0131n fiyatlar\u0131nda art\u0131\u015f beklentisini destekler. \u00d6nde gelen finans kurulu\u015flar\u0131n\u0131n 2025 y\u0131l\u0131 i\u00e7in alt\u0131n fiyat\u0131 tahminlerini ise \u015fu \u015fekilde s\u0131ralamam\u0131z m\u00fcmk\u00fcnd\u00fcr:<\/p>\n\n\n\n<ul class=\"wp-block-list\">\n<li><strong>Deutsche Bank<\/strong>: 2025 y\u0131l\u0131 ortalama alt\u0131n fiyat\u0131 tahminini ons ba\u015f\u0131na 3.139 dolara, y\u0131l sonu tahminini ise 3.350 dolara y\u00fckseltti.<br><\/li>\n\n\n\n<li><strong>Bank of America (BofA)<\/strong>: 2025 i\u00e7in alt\u0131n fiyat\u0131 tahminini 3.063 dolar\/ons olarak belirledi.<br><\/li>\n\n\n\n<li><strong>Goldman Sachs<\/strong>: 2025 y\u0131l\u0131nda alt\u0131n fiyat\u0131n\u0131n 3.000 dolara ula\u015fabilece\u011fini \u00f6ng\u00f6r\u00fcyor.<br><\/li>\n\n\n\n<li><strong>UBS<\/strong>: 2025 y\u0131l\u0131 i\u00e7in alt\u0131n fiyat\u0131 tahminini 3.200 dolar olarak a\u00e7\u0131klad\u0131.<\/li>\n<\/ul>\n\n\n\n<p>D\u00fcnya genelinde faizlerin yava\u015f yava\u015f d\u00fc\u015fmesi bekleniyor. Bu durum, alt\u0131n fiyatlar\u0131nda yukar\u0131 y\u00f6nl\u00fc bir bask\u0131 olu\u015fturabilir. \u00d6te yandan, jeopolitik riskler ve se\u00e7im s\u00fcre\u00e7leri gibi belirsizlikler, hem <strong>d\u00f6viz piyasalar\u0131 son durum<\/strong> a\u00e7\u0131s\u0131ndan hem de alt\u0131n cephesinde hareketlili\u011fe neden olabilir. G\u00fcncel geli\u015fmeleri yak\u0131ndan takip ederek siz de ara\u015ft\u0131rmalar\u0131n\u0131z neticesinde kendi yat\u0131r\u0131m kararlar\u0131n\u0131z\u0131 verebilirsiniz.&nbsp;<\/p>\n\n\n\n<h2 class=\"wp-block-heading\">D\u00f6viz Yat\u0131r\u0131m\u0131nda G\u00fcvenilir Kurumlarla \u00c7al\u0131\u015f\u0131n!<\/h2>\n\n\n\n<figure class=\"wp-block-image\"><img decoding=\"async\" src=\"https:\/\/lh7-rt.googleusercontent.com\/docsz\/AD_4nXcyY1jKnKwyIW4bSxklGOO5ohHdaZlw9td2Igf_dR9X1YAF-WSWZi4cITrPN8JSTeohutpo-X61Pa1q_BFicCTSMzkUQpER-CX2GYq-J4-OjMAUmtiU1g6rBJedulrKsWBonjyTJg?key=LiX_lBDe8QkEuSatNHe323zJ\" alt=\"\"\/><\/figure>\n\n\n\n<p>D\u00f6viz yat\u0131r\u0131m\u0131 yaparken g\u00fcvenilir kurumlarla \u00e7al\u0131\u015fmak son derece kritik. \u00d6zellikle <strong>d\u00f6viz bozdurma<\/strong> i\u015flemlerinde hem fiyat avantaj\u0131 hem de i\u015flem g\u00fcvenli\u011fi sa\u011flayacak bir kurum se\u00e7mek gerekir. \u0130stanbul gibi b\u00fcy\u00fck \u015fehirlerde bir\u00e7ok d\u00f6viz b\u00fcrosu bulunsa da hepsi ayn\u0131 kalitede hizmet sunmaz.<\/p>\n\n\n\n<p>Bu noktada \u00f6ne \u00e7\u0131kan kurumlardan biri olan <strong>\u00c7ethan D\u00f6viz<\/strong>, 10.11.2023\u2019te kurulmu\u015f ve 07.02.2024 itibar\u0131yla Hazine ve Maliye Bakanl\u0131\u011f\u0131\u2019ndan ald\u0131\u011f\u0131 yetkiyle B Grubu Yetkili M\u00fcessese olarak faaliyet g\u00f6stermeye ba\u015flam\u0131\u015ft\u0131r. \u0130stanbul\u2019un kalbinde, Sirkeci Ankara Caddesi\u2019nde konumlanan \u00c7ethan D\u00f6viz; <strong>alt\u0131n ve d\u00f6viz al\u0131m sat\u0131m\u0131<\/strong> konusunda uluslararas\u0131 piyasalara entegre, \u015feffaf ve g\u00fcvenilir bir hizmet anlay\u0131\u015f\u0131 sunmaktad\u0131r.<\/p>\n\n\n\n<p>\ud83d\udcb0Yat\u0131r\u0131m\u0131n\u0131z\u0131n her a\u015famas\u0131nda do\u011fru bilgiye, g\u00fcvenilir hizmete ve avantajl\u0131 fiyatlara ula\u015fmak i\u00e7in siz de<strong> <a href=\"https:\/\/cethandoviz.com\/\">\u00c7ethan D\u00f6viz<\/a><\/strong>\u2019i tercih edebilirsiniz. \ud83d\udccc<\/p>\n\n\n\n<h3 class=\"wp-block-heading\">Kaynak\u00e7a:&nbsp;<\/h3>\n\n\n\n<ol class=\"wp-block-list\">\n<li><a href=\"https:\/\/www.ekonomim.com\/finans\/haberler\/altin\/deutsche-banktan-altin-fiyatlari-icin-yeni-tahmin-haberi-810484\">https:\/\/www.ekonomim.com\/finans\/haberler\/altin\/deutsche-banktan-altin-fiyatlari-icin-yeni-tahmin-haberi-810484<\/a><\/li>\n\n\n\n<li><a href=\"https:\/\/www.reuters.com\/markets\/commodities\/bofa-raises-gold-price-forecasts-2025-2026-2025-03-26\/\">https:\/\/www.reuters.com\/markets\/commodities\/bofa-raises-gold-price-forecasts-2025-2026-2025-03-26\/<\/a><\/li>\n<\/ol>\n\n\n\n<p><\/p>\n","protected":false},"excerpt":{"rendered":"<p>Alt\u0131n fiyatlar\u0131 neden artar, gram alt\u0131n neye g\u00f6re hesaplan\u0131r? Yat\u0131r\u0131m yapmadan \u00f6nce bilmeniz gerekenler ve g\u00fcvenilir d\u00f6viz bozdurman\u0131n p\u00fcf noktalar\u0131 bu rehberde sizi bekliyor!<\/p>\n","protected":false},"author":1,"featured_media":36,"comment_status":"open","ping_status":"open","sticky":false,"template":"","format":"standard","meta":{"footnotes":""},"categories":[1],"tags":[20,21,18,16,6,5,10,9,17,22,7,11,14],"class_list":["post-34","post","type-post","status-publish","format-standard","has-post-thumbnail","hentry","category-genel","tag-altin-fiyatlari","tag-altin-yatirimi","tag-dolar-kuru-2025","tag-dolar-kuru-tahmini","tag-doviz-kurlari","tag-dovizkuru","tag-en-iyi-doviz","tag-en-iyi-doviz-fiyatlari","tag-euro-kuru-2025","tag-gram-altin-fiyatlari","tag-guncel-doviz-kuru","tag-sirkeci-doviz","tag-yetkili-doviz-burosu"],"_links":{"self":[{"href":"https:\/\/cethandoviz.com\/blog\/index.php\/wp-json\/wp\/v2\/posts\/34","targetHints":{"allow":["GET"]}}],"collection":[{"href":"https:\/\/cethandoviz.com\/blog\/index.php\/wp-json\/wp\/v2\/posts"}],"about":[{"href":"https:\/\/cethandoviz.com\/blog\/index.php\/wp-json\/wp\/v2\/types\/post"}],"author":[{"embeddable":true,"href":"https:\/\/cethandoviz.com\/blog\/index.php\/wp-json\/wp\/v2\/users\/1"}],"replies":[{"embeddable":true,"href":"https:\/\/cethandoviz.com\/blog\/index.php\/wp-json\/wp\/v2\/comments?post=34"}],"version-history":[{"count":3,"href":"https:\/\/cethandoviz.com\/blog\/index.php\/wp-json\/wp\/v2\/posts\/34\/revisions"}],"predecessor-version":[{"id":38,"href":"https:\/\/cethandoviz.com\/blog\/index.php\/wp-json\/wp\/v2\/posts\/34\/revisions\/38"}],"wp:featuredmedia":[{"embeddable":true,"href":"https:\/\/cethandoviz.com\/blog\/index.php\/wp-json\/wp\/v2\/media\/36"}],"wp:attachment":[{"href":"https:\/\/cethandoviz.com\/blog\/index.php\/wp-json\/wp\/v2\/media?parent=34"}],"wp:term":[{"taxonomy":"category","embeddable":true,"href":"https:\/\/cethandoviz.com\/blog\/index.php\/wp-json\/wp\/v2\/categories?post=34"},{"taxonomy":"post_tag","embeddable":true,"href":"https:\/\/cethandoviz.com\/blog\/index.php\/wp-json\/wp\/v2\/tags?post=34"}],"curies":[{"name":"wp","href":"https:\/\/api.w.org\/{rel}","templated":true}]}}